{"id":2207,"date":"2017-08-10T16:51:13","date_gmt":"2017-08-10T16:51:13","guid":{"rendered":"https:\/\/naturayculturatours.com\/la-calidad-del-tiempo-de-ocio-tambien-es-un-determinante-de-la-salud\/"},"modified":"2017-08-10T16:51:13","modified_gmt":"2017-08-10T16:51:13","slug":"la-calidad-del-tiempo-de-ocio-tambien-es-un-determinante-de-la-salud","status":"publish","type":"post","link":"https:\/\/naturayculturatours.com\/val\/la-calidad-del-tiempo-de-ocio-tambien-es-un-determinante-de-la-salud\/","title":{"rendered":"La calidad del tiempo de ocio tambi\u00e9n es un determinante de la salud"},"content":{"rendered":"<p><img fetchpriority=\"high\" decoding=\"async\" class=\"size-full wp-image-2176 aligncenter\" src=\"https:\/\/naturayculturatours.com\/wp-content\/uploads\/2017\/08\/destacada-blog-ocio-y-salud-dentro.jpg\" alt=\"\" width=\"770\" height=\"432\" srcset=\"https:\/\/naturayculturatours.com\/wp-content\/uploads\/2017\/08\/destacada-blog-ocio-y-salud-dentro.jpg 770w, https:\/\/naturayculturatours.com\/wp-content\/uploads\/2017\/08\/destacada-blog-ocio-y-salud-dentro-300x168.jpg 300w, https:\/\/naturayculturatours.com\/wp-content\/uploads\/2017\/08\/destacada-blog-ocio-y-salud-dentro-600x337.jpg 600w, https:\/\/naturayculturatours.com\/wp-content\/uploads\/2017\/08\/destacada-blog-ocio-y-salud-dentro-768x431.jpg 768w, https:\/\/naturayculturatours.com\/wp-content\/uploads\/2017\/08\/destacada-blog-ocio-y-salud-dentro-150x85.jpg 150w\" sizes=\"(max-width: 770px) 100vw, 770px\" \/><\/p>\n<p>El <strong>tiempo libre y el ocio<\/strong> est\u00e1n hoy asociados a la calidad de vida y se relacionan fuertemente con ella y con la salud. Es una necesidad humana, que junto con las mejoras de las condiciones laborales del \u00faltimo siglo, dio pie al turismo, al cine, al teatro y otras actividades que se han convertido en un nicho de negocio.<\/p>\n<p>A partir de la mitad del siglo XX, el tiempo libre se ha tenido como un indicador de la situaci\u00f3n social y del bienestar y, al igual que nuestra sociedad, el ocio tambi\u00e9n ha ido evolucionando. Hemos pasado <strong>del ocio asociado al enriquecimiento humano al ocio de mercado y consumo<\/strong>. En la sociedad postindustrial el tiempo libre, fuera del \u00e1mbito laboral, se realiza en muchos casos en el entorno urbano, masificado y consumista. Tanto en el hogar como fuera es posible que nos estemos convirtiendo en meros actores pasivos y receptores de \u201csugerencias\u201d: <strong>aceptamos el ocio como tiempo para el consumo<\/strong>, en algunos casos hasta defendemos insistentemente que el tiempo de ocio es \u201cir de compras\u201d, y es el centro comercial o la tecnolog\u00eda quien nos acoge. La consecuencia en que pasamos a ser m\u00e1s individuales, conversamos menos, paseamos menos, escuchamos menos m\u00fasica, jugamos menos con los ni\u00f1os\/as.<\/p>\n<p>Esta deriva del tiempo de ocio en el modelo consumista nos deber\u00eda llevar a la necesidad de una reflexi\u00f3n pol\u00edtica, econ\u00f3mica y social asociada al modelo de desarrollo que deseamos y al modo de educar (lo hacemos con nuestros actos diariamente) que queremos.<\/p>\n<p>&nbsp;<\/p>\n<figure id=\"attachment_2160\" aria-describedby=\"caption-attachment-2160\" style=\"width: 1024px\" class=\"wp-caption aligncenter\"><img decoding=\"async\" class=\"size-large wp-image-2160\" src=\"https:\/\/naturayculturatours.com\/wp-content\/uploads\/2019\/01\/Trusismo_salud_sostenible_concierto_natura_y_cultura-1024x765.jpg\" alt=\"\" width=\"1024\" height=\"765\" srcset=\"https:\/\/naturayculturatours.com\/wp-content\/uploads\/2019\/01\/Trusismo_salud_sostenible_concierto_natura_y_cultura-1024x765.jpg 1024w, https:\/\/naturayculturatours.com\/wp-content\/uploads\/2019\/01\/Trusismo_salud_sostenible_concierto_natura_y_cultura-300x224.jpg 300w, https:\/\/naturayculturatours.com\/wp-content\/uploads\/2019\/01\/Trusismo_salud_sostenible_concierto_natura_y_cultura-600x448.jpg 600w, https:\/\/naturayculturatours.com\/wp-content\/uploads\/2019\/01\/Trusismo_salud_sostenible_concierto_natura_y_cultura-768x574.jpg 768w\" sizes=\"(max-width: 1024px) 100vw, 1024px\" \/><figcaption id=\"caption-attachment-2160\" class=\"wp-caption-text\">Concierto al aire libre, entre pinos centenarios, en el Centro Ambiental El Vedat, centro tur\u00edstico de Natura y Cultura Tours \u2014albergue, restaurante y salas multiusos\u2014 (Foto: Natura y Cultura Tours).<\/figcaption><\/figure>\n<p>&nbsp;<\/p>\n<p>Despu\u00e9s de la II Guerra Mundial ha habido una contraposici\u00f3n trabajo-descanso y se ha asociado el progreso social al incremento del tiempo libre y en la calidad de vida. Pero se discute si hoy d\u00eda esta correlaci\u00f3n es real, en especial cuando el crecimiento econ\u00f3mico no ha repercutido en el ocio remunerado y tampoco en el ocio de calidad. \u00bfNos planteamos como tiempo de ocio un concierto relajado, al aire libre, fuera de la poluci\u00f3n urbana?. El tiempo libre se ha convertido en un tiempo de consumo de masas. Trabajamos y compramos, sin conseguir salir del engranaje del mercado. Podemos caer en la tentaci\u00f3n de pensar, y posiblemente acertar, que en muchos casos el tiempo libre es falso, que seguimos en el engranaje de la m\u00e1quina de producir y vender.<\/p>\n<p>Por ello, la pregunta evidente, en relaci\u00f3n al modelo de la sociedad de consumo, es: \u00bfnos lleva a la felicidad o nos genera insatisfacci\u00f3n permanente por no tener todo aquello que nos ofrece el escaparate el fin de semana? Puede que esto tenga algo que ver con un art\u00edculo reciente en la prensa nacional titulado \u201c<strong>Los americanos blancos se est\u00e1n muriendo<\/strong>\u201d se\u00f1ala que la mortalidad de los blancos con baja formaci\u00f3n de EEUU est\u00e1 aumentando. Se habla de \u201cmuertes por desesperanza\u201d de los hombres que no ven un futuro mejor para ellos ni para sus familias. Pero esto no ocurre entre hispanos y afroamericanos con baja formaci\u00f3n y mala situaci\u00f3n econ\u00f3mica ya que para ellos y sus familias, que vienen de lo peor, el futuro solo puede ser mejor. Sin pretender que seamos conformistas, sino reflexionar, el ocio asociado al consumo \u00bfnos impide ver todo aquello que tenemos y nos hace infelices?<\/p>\n<p>El tiempo de ocio de calidad puede enriquecernos y hacernos valorar lo que de verdad vale la pena en la vida. Adem\u00e1s no debemos olvidad que nuestro modelo de ocio, el que cada persona sigue, es educativo, se copia y se duplica por parte de nuestras hijas y nuestros hijos. Y eso repercutir\u00e1 tambi\u00e9n en su felicidad, esperanzas y perspectivas de futuro.<\/p>\n<p>Hay alternativas de ocio y se precisa reflexi\u00f3n y una conciencia cr\u00edtica como \u201cconsumidores de tiempo libre\u201d. Esto tambi\u00e9n redundar\u00e1 en nuestra salud, puesto que alimenta nuestra mente.<\/p>\n","protected":false},"excerpt":{"rendered":"<p>El tiempo libre y el ocio est\u00e1n hoy asociados a la calidad de vida y se relacionan fuertemente con ella [&hellip;]<\/p>\n","protected":false},"author":1,"featured_media":2181,"comment_status":"open","ping_status":"open","sticky":false,"template":"post-templates\/single-layout-8.php","format":"standard","meta":{"footnotes":""},"categories":[97],"tags":[188,174,180],"class_list":["post-2207","post","type-post","status-publish","format-standard","has-post-thumbnail","hentry","category-tiempo-libre-val","tag-consum","tag-salut","tag-temps-lliure"],"yoast_head":"<!-- This site is optimized with the Yoast SEO plugin v25.8 - https:\/\/yoast.com\/wordpress\/plugins\/seo\/ -->\n<title>La calidad del tiempo de ocio tambi\u00e9n es un determinante de la salud - Natura y Cultura Tours<\/title>\n<meta name=\"robots\" content=\"index, follow, max-snippet:-1, max-image-preview:large, max-video-preview:-1\" \/>\n<link rel=\"canonical\" href=\"https:\/\/naturayculturatours.com\/val\/la-calidad-del-tiempo-de-ocio-tambien-es-un-determinante-de-la-salud\/\" \/>\n<meta property=\"og:locale\" content=\"en_US\" \/>\n<meta property=\"og:type\" content=\"article\" \/>\n<meta property=\"og:title\" content=\"La calidad del tiempo de ocio tambi\u00e9n es un determinante de la salud - Natura y Cultura Tours\" \/>\n<meta property=\"og:description\" content=\"El tiempo libre y el ocio est\u00e1n hoy asociados a la calidad de vida y se relacionan fuertemente con ella [&hellip;]\" \/>\n<meta property=\"og:url\" content=\"https:\/\/naturayculturatours.com\/val\/la-calidad-del-tiempo-de-ocio-tambien-es-un-determinante-de-la-salud\/\" \/>\n<meta property=\"og:site_name\" content=\"Natura y Cultura Tours\" \/>\n<meta property=\"article:published_time\" content=\"2017-08-10T16:51:13+00:00\" \/>\n<meta property=\"og:image\" content=\"https:\/\/naturayculturatours.com\/wp-content\/uploads\/2017\/08\/destacada-fuera-ocio-y-salud.jpg\" \/>\n\t<meta property=\"og:image:width\" content=\"587\" \/>\n\t<meta property=\"og:image:height\" content=\"329\" \/>\n\t<meta property=\"og:image:type\" content=\"image\/jpeg\" \/>\n<meta name=\"author\" content=\"Adm Natura\" \/>\n<meta name=\"twitter:card\" content=\"summary_large_image\" \/>\n<meta name=\"twitter:label1\" content=\"Written by\" \/>\n\t<meta name=\"twitter:data1\" content=\"Adm Natura\" \/>\n\t<meta name=\"twitter:label2\" content=\"Est. reading time\" \/>\n\t<meta name=\"twitter:data2\" content=\"3 minutes\" \/>\n<script type=\"application\/ld+json\" class=\"yoast-schema-graph\">{\"@context\":\"https:\/\/schema.org\",\"@graph\":[{\"@type\":\"Article\",\"@id\":\"https:\/\/naturayculturatours.com\/val\/la-calidad-del-tiempo-de-ocio-tambien-es-un-determinante-de-la-salud\/#article\",\"isPartOf\":{\"@id\":\"https:\/\/naturayculturatours.com\/val\/la-calidad-del-tiempo-de-ocio-tambien-es-un-determinante-de-la-salud\/\"},\"author\":{\"name\":\"Adm Natura\",\"@id\":\"https:\/\/naturayculturatours.com\/#\/schema\/person\/38b9fbf03d559d8db2e1c9216a78cec8\"},\"headline\":\"La calidad del tiempo de ocio tambi\u00e9n es un determinante de la salud\",\"datePublished\":\"2017-08-10T16:51:13+00:00\",\"mainEntityOfPage\":{\"@id\":\"https:\/\/naturayculturatours.com\/val\/la-calidad-del-tiempo-de-ocio-tambien-es-un-determinante-de-la-salud\/\"},\"wordCount\":711,\"commentCount\":0,\"publisher\":{\"@id\":\"https:\/\/naturayculturatours.com\/#organization\"},\"image\":{\"@id\":\"https:\/\/naturayculturatours.com\/val\/la-calidad-del-tiempo-de-ocio-tambien-es-un-determinante-de-la-salud\/#primaryimage\"},\"thumbnailUrl\":\"https:\/\/naturayculturatours.com\/wp-content\/uploads\/2017\/08\/destacada-fuera-ocio-y-salud.jpg\",\"keywords\":[\"Consum\",\"Salut\",\"Temps lliure\"],\"articleSection\":[\"Tiempo libre\"],\"inLanguage\":\"val\",\"potentialAction\":[{\"@type\":\"CommentAction\",\"name\":\"Comment\",\"target\":[\"https:\/\/naturayculturatours.com\/val\/la-calidad-del-tiempo-de-ocio-tambien-es-un-determinante-de-la-salud\/#respond\"]}]},{\"@type\":\"WebPage\",\"@id\":\"https:\/\/naturayculturatours.com\/val\/la-calidad-del-tiempo-de-ocio-tambien-es-un-determinante-de-la-salud\/\",\"url\":\"https:\/\/naturayculturatours.com\/val\/la-calidad-del-tiempo-de-ocio-tambien-es-un-determinante-de-la-salud\/\",\"name\":\"La calidad del tiempo de ocio tambi\u00e9n es un determinante de la salud - Natura y Cultura Tours\",\"isPartOf\":{\"@id\":\"https:\/\/naturayculturatours.com\/#website\"},\"primaryImageOfPage\":{\"@id\":\"https:\/\/naturayculturatours.com\/val\/la-calidad-del-tiempo-de-ocio-tambien-es-un-determinante-de-la-salud\/#primaryimage\"},\"image\":{\"@id\":\"https:\/\/naturayculturatours.com\/val\/la-calidad-del-tiempo-de-ocio-tambien-es-un-determinante-de-la-salud\/#primaryimage\"},\"thumbnailUrl\":\"https:\/\/naturayculturatours.com\/wp-content\/uploads\/2017\/08\/destacada-fuera-ocio-y-salud.jpg\",\"datePublished\":\"2017-08-10T16:51:13+00:00\",\"breadcrumb\":{\"@id\":\"https:\/\/naturayculturatours.com\/val\/la-calidad-del-tiempo-de-ocio-tambien-es-un-determinante-de-la-salud\/#breadcrumb\"},\"inLanguage\":\"val\",\"potentialAction\":[{\"@type\":\"ReadAction\",\"target\":[\"https:\/\/naturayculturatours.com\/val\/la-calidad-del-tiempo-de-ocio-tambien-es-un-determinante-de-la-salud\/\"]}]},{\"@type\":\"ImageObject\",\"inLanguage\":\"val\",\"@id\":\"https:\/\/naturayculturatours.com\/val\/la-calidad-del-tiempo-de-ocio-tambien-es-un-determinante-de-la-salud\/#primaryimage\",\"url\":\"https:\/\/naturayculturatours.com\/wp-content\/uploads\/2017\/08\/destacada-fuera-ocio-y-salud.jpg\",\"contentUrl\":\"https:\/\/naturayculturatours.com\/wp-content\/uploads\/2017\/08\/destacada-fuera-ocio-y-salud.jpg\",\"width\":587,\"height\":329},{\"@type\":\"BreadcrumbList\",\"@id\":\"https:\/\/naturayculturatours.com\/val\/la-calidad-del-tiempo-de-ocio-tambien-es-un-determinante-de-la-salud\/#breadcrumb\",\"itemListElement\":[{\"@type\":\"ListItem\",\"position\":1,\"name\":\"Portada\",\"item\":\"https:\/\/naturayculturatours.com\/val\/\"},{\"@type\":\"ListItem\",\"position\":2,\"name\":\"La calidad del tiempo de ocio tambi\u00e9n es un determinante de la salud\"}]},{\"@type\":\"WebSite\",\"@id\":\"https:\/\/naturayculturatours.com\/#website\",\"url\":\"https:\/\/naturayculturatours.com\/\",\"name\":\"Natura y Cultura Tours\",\"description\":\"Turismo responsable\",\"publisher\":{\"@id\":\"https:\/\/naturayculturatours.com\/#organization\"},\"potentialAction\":[{\"@type\":\"SearchAction\",\"target\":{\"@type\":\"EntryPoint\",\"urlTemplate\":\"https:\/\/naturayculturatours.com\/?s={search_term_string}\"},\"query-input\":{\"@type\":\"PropertyValueSpecification\",\"valueRequired\":true,\"valueName\":\"search_term_string\"}}],\"inLanguage\":\"val\"},{\"@type\":\"Organization\",\"@id\":\"https:\/\/naturayculturatours.com\/#organization\",\"name\":\"Natura y Cultura Tours\",\"url\":\"https:\/\/naturayculturatours.com\/\",\"logo\":{\"@type\":\"ImageObject\",\"inLanguage\":\"val\",\"@id\":\"https:\/\/naturayculturatours.com\/#\/schema\/logo\/image\/\",\"url\":\"https:\/\/naturayculturatours.com\/wp-content\/uploads\/2025\/10\/cropped-Logo-nYc-pequeno.png\",\"contentUrl\":\"https:\/\/naturayculturatours.com\/wp-content\/uploads\/2025\/10\/cropped-Logo-nYc-pequeno.png\",\"width\":300,\"height\":115,\"caption\":\"Natura y Cultura Tours\"},\"image\":{\"@id\":\"https:\/\/naturayculturatours.com\/#\/schema\/logo\/image\/\"}},{\"@type\":\"Person\",\"@id\":\"https:\/\/naturayculturatours.com\/#\/schema\/person\/38b9fbf03d559d8db2e1c9216a78cec8\",\"name\":\"Adm Natura\",\"image\":{\"@type\":\"ImageObject\",\"inLanguage\":\"val\",\"@id\":\"https:\/\/naturayculturatours.com\/#\/schema\/person\/image\/\",\"url\":\"https:\/\/secure.gravatar.com\/avatar\/b9c1275534b55f5267093f142ed12f6117b4a03c8876c7cd4ed86c163da856ae?s=96&d=mm&r=g\",\"contentUrl\":\"https:\/\/secure.gravatar.com\/avatar\/b9c1275534b55f5267093f142ed12f6117b4a03c8876c7cd4ed86c163da856ae?s=96&d=mm&r=g\",\"caption\":\"Adm Natura\"}}]}<\/script>\n<!-- \/ Yoast SEO plugin. -->","yoast_head_json":{"title":"La calidad del tiempo de ocio tambi\u00e9n es un determinante de la salud - Natura y Cultura Tours","robots":{"index":"index","follow":"follow","max-snippet":"max-snippet:-1","max-image-preview":"max-image-preview:large","max-video-preview":"max-video-preview:-1"},"canonical":"https:\/\/naturayculturatours.com\/val\/la-calidad-del-tiempo-de-ocio-tambien-es-un-determinante-de-la-salud\/","og_locale":"en_US","og_type":"article","og_title":"La calidad del tiempo de ocio tambi\u00e9n es un determinante de la salud - Natura y Cultura Tours","og_description":"El tiempo libre y el ocio est\u00e1n hoy asociados a la calidad de vida y se relacionan fuertemente con ella [&hellip;]","og_url":"https:\/\/naturayculturatours.com\/val\/la-calidad-del-tiempo-de-ocio-tambien-es-un-determinante-de-la-salud\/","og_site_name":"Natura y Cultura Tours","article_published_time":"2017-08-10T16:51:13+00:00","og_image":[{"width":587,"height":329,"url":"https:\/\/naturayculturatours.com\/wp-content\/uploads\/2017\/08\/destacada-fuera-ocio-y-salud.jpg","type":"image\/jpeg"}],"author":"Adm Natura","twitter_card":"summary_large_image","twitter_misc":{"Written by":"Adm Natura","Est. reading time":"3 minutes"},"schema":{"@context":"https:\/\/schema.org","@graph":[{"@type":"Article","@id":"https:\/\/naturayculturatours.com\/val\/la-calidad-del-tiempo-de-ocio-tambien-es-un-determinante-de-la-salud\/#article","isPartOf":{"@id":"https:\/\/naturayculturatours.com\/val\/la-calidad-del-tiempo-de-ocio-tambien-es-un-determinante-de-la-salud\/"},"author":{"name":"Adm Natura","@id":"https:\/\/naturayculturatours.com\/#\/schema\/person\/38b9fbf03d559d8db2e1c9216a78cec8"},"headline":"La calidad del tiempo de ocio tambi\u00e9n es un determinante de la salud","datePublished":"2017-08-10T16:51:13+00:00","mainEntityOfPage":{"@id":"https:\/\/naturayculturatours.com\/val\/la-calidad-del-tiempo-de-ocio-tambien-es-un-determinante-de-la-salud\/"},"wordCount":711,"commentCount":0,"publisher":{"@id":"https:\/\/naturayculturatours.com\/#organization"},"image":{"@id":"https:\/\/naturayculturatours.com\/val\/la-calidad-del-tiempo-de-ocio-tambien-es-un-determinante-de-la-salud\/#primaryimage"},"thumbnailUrl":"https:\/\/naturayculturatours.com\/wp-content\/uploads\/2017\/08\/destacada-fuera-ocio-y-salud.jpg","keywords":["Consum","Salut","Temps lliure"],"articleSection":["Tiempo libre"],"inLanguage":"val","potentialAction":[{"@type":"CommentAction","name":"Comment","target":["https:\/\/naturayculturatours.com\/val\/la-calidad-del-tiempo-de-ocio-tambien-es-un-determinante-de-la-salud\/#respond"]}]},{"@type":"WebPage","@id":"https:\/\/naturayculturatours.com\/val\/la-calidad-del-tiempo-de-ocio-tambien-es-un-determinante-de-la-salud\/","url":"https:\/\/naturayculturatours.com\/val\/la-calidad-del-tiempo-de-ocio-tambien-es-un-determinante-de-la-salud\/","name":"La calidad del tiempo de ocio tambi\u00e9n es un determinante de la salud - Natura y Cultura Tours","isPartOf":{"@id":"https:\/\/naturayculturatours.com\/#website"},"primaryImageOfPage":{"@id":"https:\/\/naturayculturatours.com\/val\/la-calidad-del-tiempo-de-ocio-tambien-es-un-determinante-de-la-salud\/#primaryimage"},"image":{"@id":"https:\/\/naturayculturatours.com\/val\/la-calidad-del-tiempo-de-ocio-tambien-es-un-determinante-de-la-salud\/#primaryimage"},"thumbnailUrl":"https:\/\/naturayculturatours.com\/wp-content\/uploads\/2017\/08\/destacada-fuera-ocio-y-salud.jpg","datePublished":"2017-08-10T16:51:13+00:00","breadcrumb":{"@id":"https:\/\/naturayculturatours.com\/val\/la-calidad-del-tiempo-de-ocio-tambien-es-un-determinante-de-la-salud\/#breadcrumb"},"inLanguage":"val","potentialAction":[{"@type":"ReadAction","target":["https:\/\/naturayculturatours.com\/val\/la-calidad-del-tiempo-de-ocio-tambien-es-un-determinante-de-la-salud\/"]}]},{"@type":"ImageObject","inLanguage":"val","@id":"https:\/\/naturayculturatours.com\/val\/la-calidad-del-tiempo-de-ocio-tambien-es-un-determinante-de-la-salud\/#primaryimage","url":"https:\/\/naturayculturatours.com\/wp-content\/uploads\/2017\/08\/destacada-fuera-ocio-y-salud.jpg","contentUrl":"https:\/\/naturayculturatours.com\/wp-content\/uploads\/2017\/08\/destacada-fuera-ocio-y-salud.jpg","width":587,"height":329},{"@type":"BreadcrumbList","@id":"https:\/\/naturayculturatours.com\/val\/la-calidad-del-tiempo-de-ocio-tambien-es-un-determinante-de-la-salud\/#breadcrumb","itemListElement":[{"@type":"ListItem","position":1,"name":"Portada","item":"https:\/\/naturayculturatours.com\/val\/"},{"@type":"ListItem","position":2,"name":"La calidad del tiempo de ocio tambi\u00e9n es un determinante de la salud"}]},{"@type":"WebSite","@id":"https:\/\/naturayculturatours.com\/#website","url":"https:\/\/naturayculturatours.com\/","name":"Natura y Cultura Tours","description":"Turismo responsable","publisher":{"@id":"https:\/\/naturayculturatours.com\/#organization"},"potentialAction":[{"@type":"SearchAction","target":{"@type":"EntryPoint","urlTemplate":"https:\/\/naturayculturatours.com\/?s={search_term_string}"},"query-input":{"@type":"PropertyValueSpecification","valueRequired":true,"valueName":"search_term_string"}}],"inLanguage":"val"},{"@type":"Organization","@id":"https:\/\/naturayculturatours.com\/#organization","name":"Natura y Cultura Tours","url":"https:\/\/naturayculturatours.com\/","logo":{"@type":"ImageObject","inLanguage":"val","@id":"https:\/\/naturayculturatours.com\/#\/schema\/logo\/image\/","url":"https:\/\/naturayculturatours.com\/wp-content\/uploads\/2025\/10\/cropped-Logo-nYc-pequeno.png","contentUrl":"https:\/\/naturayculturatours.com\/wp-content\/uploads\/2025\/10\/cropped-Logo-nYc-pequeno.png","width":300,"height":115,"caption":"Natura y Cultura Tours"},"image":{"@id":"https:\/\/naturayculturatours.com\/#\/schema\/logo\/image\/"}},{"@type":"Person","@id":"https:\/\/naturayculturatours.com\/#\/schema\/person\/38b9fbf03d559d8db2e1c9216a78cec8","name":"Adm Natura","image":{"@type":"ImageObject","inLanguage":"val","@id":"https:\/\/naturayculturatours.com\/#\/schema\/person\/image\/","url":"https:\/\/secure.gravatar.com\/avatar\/b9c1275534b55f5267093f142ed12f6117b4a03c8876c7cd4ed86c163da856ae?s=96&d=mm&r=g","contentUrl":"https:\/\/secure.gravatar.com\/avatar\/b9c1275534b55f5267093f142ed12f6117b4a03c8876c7cd4ed86c163da856ae?s=96&d=mm&r=g","caption":"Adm Natura"}}]}},"_links":{"self":[{"href":"https:\/\/naturayculturatours.com\/val\/wp-json\/wp\/v2\/posts\/2207","targetHints":{"allow":["GET"]}}],"collection":[{"href":"https:\/\/naturayculturatours.com\/val\/wp-json\/wp\/v2\/posts"}],"about":[{"href":"https:\/\/naturayculturatours.com\/val\/wp-json\/wp\/v2\/types\/post"}],"author":[{"embeddable":true,"href":"https:\/\/naturayculturatours.com\/val\/wp-json\/wp\/v2\/users\/1"}],"replies":[{"embeddable":true,"href":"https:\/\/naturayculturatours.com\/val\/wp-json\/wp\/v2\/comments?post=2207"}],"version-history":[{"count":0,"href":"https:\/\/naturayculturatours.com\/val\/wp-json\/wp\/v2\/posts\/2207\/revisions"}],"wp:featuredmedia":[{"embeddable":true,"href":"https:\/\/naturayculturatours.com\/val\/wp-json\/wp\/v2\/media\/2181"}],"wp:attachment":[{"href":"https:\/\/naturayculturatours.com\/val\/wp-json\/wp\/v2\/media?parent=2207"}],"wp:term":[{"taxonomy":"category","embeddable":true,"href":"https:\/\/naturayculturatours.com\/val\/wp-json\/wp\/v2\/categories?post=2207"},{"taxonomy":"post_tag","embeddable":true,"href":"https:\/\/naturayculturatours.com\/val\/wp-json\/wp\/v2\/tags?post=2207"}],"curies":[{"name":"wp","href":"https:\/\/api.w.org\/{rel}","templated":true}]}}